{"id":74597,"date":"2024-11-04T15:51:09","date_gmt":"2024-11-04T15:51:09","guid":{"rendered":"https:\/\/www.campinglajaougotte.com\/sin-categoria\/festival-arte-flamenco-la-pasion-andaluza-en-el-corazon-de-las-landas\/"},"modified":"2025-10-15T08:20:50","modified_gmt":"2025-10-15T08:20:50","slug":"festival-arte-flamenco-la-pasion-andaluza-en-el-corazon-de-las-landas","status":"publish","type":"post","link":"https:\/\/www.campinglajaougotte.com\/es\/noticias-camping-las-landas\/festival-arte-flamenco-la-pasion-andaluza-en-el-corazon-de-las-landas\/","title":{"rendered":"Festival Arte Flamenco: la pasi\u00f3n andaluza en el coraz\u00f3n de Las Landas"},"content":{"rendered":"<p>Cada a\u00f1o, en julio, <strong>Mont-de-Marsan<\/strong> vibra al ritmo del <strong>festival Arte Flamenco<\/strong>, un evento imprescindible para todos los amantes de esta danza intensa y apasionada. Desde <strong>su creaci\u00f3n en 1989<\/strong> por el <strong>Departamento de Las Landas<\/strong>, este festival se ha convertido en la mayor celebraci\u00f3n del flamenco fuera de Espa\u00f1a. <\/p>\n<p>Asistir al <strong>Festival Arte Flamenco<\/strong> va m\u00e1s all\u00e1 de participar en un simple espect\u00e1culo; se trata de un verdadero espacio de intercambio cultural donde la <strong>tradici\u00f3n ancestral flamenca<\/strong> se mezcla con las <strong>influencias de la sociedad moderna<\/strong>.<\/p>\n<p>Entre actuaciones de danza y m\u00fasica, creaciones originales en exclusiva mundial y estrenos franceses, el <strong>festival Arte Flamenco<\/strong> atrae tanto a los apasionados de la cultura andaluza como a los curiosos, locales o de paso en nuestro <a href=\"https:\/\/www.campinglajaougotte.com\/es\/\">camping en Vielle-Saint-Girons<\/a>. Presentaci\u00f3n. <\/p>\n<h2>El esp\u00edritu del festival Arte Flamenco<\/h2>\n<p>El <strong>festival Arte Flamenco<\/strong> encuentra su esencia en la firme voluntad de transmitir y difundir el arte del flamenco <strong>m\u00e1s all\u00e1 de las fronteras espa\u00f1olas<\/strong>. <strong>Creado en 1989<\/strong> bajo el impulso de Henri Emmanuelli, este festival excepcional <strong>defiende el flamenco \u00abpuro\u00bb<\/strong> al tiempo que acoge todas las nuevas formas de expresi\u00f3n art\u00edstica. Este perfecto equilibrio entre <strong>tradici\u00f3n<\/strong> y <strong>modernidad<\/strong>, caracter\u00edstico del festival, es un vibrante homenaje a <strong>Andaluc\u00eda<\/strong> y a las profundas ra\u00edces del flamenco.  <\/p>\n<p>Esta <strong>pasi\u00f3n por el flamenco<\/strong> se refleja en la selecci\u00f3n de <strong>artistas espa\u00f1oles de primer nivel<\/strong> que act\u00faan aqu\u00ed, como Mar\u00eda Pag\u00e9s o Tomatito. Adem\u00e1s, cada edici\u00f3n del <g id=\"gid_2\">festival Arte Flamenco<\/g> tambi\u00e9n incluye talentos emergentes, a menudo <g id=\"gid_3\">apadrinados por maestros del flamenco<\/g>. Esto refuerza la <strong>dimensi\u00f3n pedag\u00f3gica<\/strong> e <strong>intergeneracional<\/strong> del festival.  <\/p>\n<p>Este festival es, por tanto, un verdadero <strong>puente cultural entre Mont-de-Marsan<\/strong> y las tierras andaluzas, combinando <strong>arraigo local<\/strong> y <strong>atractivo internacional<\/strong>.<\/p>\n<p><img decoding=\"async\" class=\"size-full wp-image-2197 aligncenter\" src=\"https:\/\/www.campinglajaougotte.com\/wp-content\/uploads\/2024\/11\/festival-arte-flamenco-mont-de-marsan-1.jpg\" alt=\"mujer bailando flamenco\" width=\"600\" height=\"400\" srcset=\"https:\/\/www.campinglajaougotte.com\/wp-content\/uploads\/2024\/11\/festival-arte-flamenco-mont-de-marsan-1.jpg 600w, https:\/\/www.campinglajaougotte.com\/wp-content\/uploads\/2024\/11\/festival-arte-flamenco-mont-de-marsan-1-480x320.jpg 480w\" sizes=\"(min-width: 0px) and (max-width: 480px) 480px, (min-width: 481px) 600px, 100vw\" \/><\/p>\n<h2>Repaso a la audaz y variada programaci\u00f3n de la 35\u00aa edici\u00f3n<\/h2>\n<p>Para su 35\u00ba aniversario, el <strong>festival Arte Flamenco<\/strong> se ha superado con una programaci\u00f3n <strong>rica y diversa<\/strong>. Del <g id=\"gid_2\">1 al 6 de julio<\/g>, el p\u00fablico descubri\u00f3 cuatro creaciones mundiales y varios estrenos en Francia. Entre los momentos destacados, cabe mencionar <strong>el espect\u00e1culo \u00abMuerta de Amor\u00bb<\/strong> del core\u00f3grafo Manuel Li\u00f1\u00e1n y \u00ab<strong>Creaviva\u00bb de la bailaora Rafaela Carrasco<\/strong>, dos creaciones audaces y cargadas de emoci\u00f3n.  <\/p>\n<p>Adem\u00e1s, durante esta edici\u00f3n el cartel fue firmado por el artista sevillano <strong>Patricio Hidalgo Mor\u00e1n<\/strong>, dando al festival el toque art\u00edstico que marca la diferencia.<\/p>\n<p>Los <strong>diversos espect\u00e1culos gratuitos<\/strong> que tuvieron lugar en la <strong>plaza Charles-de-Gaulle<\/strong>, permitieron a los asistentes al festival presenciar actuaciones de artistas de renombre como <strong>Arc\u00e1ngel<\/strong> y <strong>La Kaita<\/strong>, todo ello en un ambiente siempre acogedor.<\/p>\n<p>El <strong>festival Arte Flamenco<\/strong> tambi\u00e9n ocup\u00f3 otros lugares emblem\u00e1ticos como el <strong>P\u00f4le de Saint-Pierre-du-Mont<\/strong>, para ofrecer espect\u00e1culos coreogr\u00e1ficos de gran envergadura, y el <strong>Teatro Le Moli\u00e8re<\/strong> para realizar representaciones m\u00e1s \u00edntimas.<\/p>\n<p><img decoding=\"async\" class=\"size-full wp-image-2194 aligncenter\" src=\"https:\/\/www.campinglajaougotte.com\/wp-content\/uploads\/2024\/11\/details-robe-flamenco-festival-arte-flamenco-1.jpg\" alt=\"detalles de vestido de flamenco durante el festival arte flamenco\" width=\"600\" height=\"400\" srcset=\"https:\/\/www.campinglajaougotte.com\/wp-content\/uploads\/2024\/11\/details-robe-flamenco-festival-arte-flamenco-1.jpg 600w, https:\/\/www.campinglajaougotte.com\/wp-content\/uploads\/2024\/11\/details-robe-flamenco-festival-arte-flamenco-1-480x320.jpg 480w\" sizes=\"(min-width: 0px) and (max-width: 480px) 480px, (min-width: 481px) 600px, 100vw\" \/><\/p>\n<p>&nbsp;<\/p>\n<h2>Un festival comprometido a nivel social y medioambiental<\/h2>\n<p>M\u00e1s all\u00e1 de su vocaci\u00f3n art\u00edstica, el <strong>festival Arte Flamenco<\/strong> se compromete activamente para hacer <strong>la cultura accesible a todos<\/strong>, pero tambi\u00e9n a favor del <strong>desarrollo sostenible<\/strong>. Gracias a diversas colaboraciones con instituciones locales y llevando a cabo toda una serie de acciones solidarias, el festival permite cada a\u00f1o que p\u00fablicos con poco acceso a la cultura en tiempos normales descubran el flamenco. As\u00ed, se organizaron diversos talleres destinados a los <strong>pacientes del centro hospitalario de Mont-de-Marsan<\/strong>, as\u00ed como cursos para ni\u00f1os, dando as\u00ed un papel social al evento.  <\/p>\n<p>El festival tambi\u00e9n se distingue por su compromiso medioambiental. <strong>Certificado como \u00abevento eco-comprometido\u00bb en 2023<\/strong>, el <strong>festival Arte Flamenco<\/strong> contin\u00faa minimizando su impacto ecol\u00f3gico ofreciendo transporte gratuito y opciones de restauraci\u00f3n responsables, basadas en productos locales.<\/p>\n<p>Este compromiso con un <strong>turismo respetuoso con la naturaleza<\/strong> hace eco de los valores de <strong>convivencia y respeto al medio ambiente<\/strong> que promueve el <strong>camping La Jaougotte en Vielle Saint Girons<\/strong>, situado cerca de Mont-de-Marsan.<\/p>\n<p><img decoding=\"async\" class=\"size-full wp-image-2200 aligncenter\" src=\"https:\/\/www.campinglajaougotte.com\/wp-content\/uploads\/2024\/11\/flamenco-mont-de-marsan-1-1.jpg\" alt=\"pies de bailaor de flamenco en el festival arte flamenco\" width=\"600\" height=\"400\" srcset=\"https:\/\/www.campinglajaougotte.com\/wp-content\/uploads\/2024\/11\/flamenco-mont-de-marsan-1-1.jpg 600w, https:\/\/www.campinglajaougotte.com\/wp-content\/uploads\/2024\/11\/flamenco-mont-de-marsan-1-1-480x320.jpg 480w\" sizes=\"(min-width: 0px) and (max-width: 480px) 480px, (min-width: 481px) 600px, 100vw\" \/><\/p>\n<p><strong><br \/>\n<\/strong>El <strong>festival Arte Flamenco<\/strong> es mucho m\u00e1s que un simple evento cultural: es un espacio de intercambio donde la pasi\u00f3n por el flamenco, la innovaci\u00f3n art\u00edstica y el compromiso medioambiental se mezclan a la perfecci\u00f3n.<\/p>\n<p>El pr\u00f3ximo julio, sum\u00e9rgete de nuevo en el fascinante universo de este festival excepcional durante <strong>tus vacaciones en el camping La Jaougotte<\/strong> y <a href=\"https:\/\/www.campinglajaougotte.com\/es\/noticias-camping-las-landas\/top-10-de-actividades-para-hacer-con-ninos-en-las-landas\/\">descubre otras actividades para hacer con los ni\u00f1os en Las Landas<\/a>.<\/p>\n","protected":false},"excerpt":{"rendered":"<p>Cada a\u00f1o, en julio, Mont-de-Marsan vibra al ritmo del festival Arte Flamenco, un evento imprescindible para todos los amantes de esta danza intensa y apasionada. Desde su creaci\u00f3n en 1989 por el Departamento de Las Landas, este festival se ha convertido en la mayor celebraci\u00f3n del flamenco fuera de Espa\u00f1a. Asistir al Festival Arte Flamenco [&hellip;]<\/p>\n","protected":false},"author":1,"featured_media":74599,"comment_status":"closed","ping_status":"closed","sticky":false,"template":"","format":"standard","meta":{"_acf_changed":false,"inline_featured_image":false,"footnotes":""},"categories":[79],"tags":[],"class_list":["post-74597","post","type-post","status-publish","format-standard","has-post-thumbnail","hentry","category-noticias-camping-las-landas"],"acf":[],"yoast_head":"<!-- This site is optimized with the Yoast SEO plugin v27.4 - https:\/\/yoast.com\/product\/yoast-seo-wordpress\/ -->\n<title>Festival Arte Flamenco: Danza y cultura andaluza en Mont-de-Marsan<\/title>\n<meta name=\"description\" content=\"Vibra al ritmo del Festival Arte Flamenco de Mont-de-Marsan: danza, m\u00fasica y cante en julio. Un acontecimiento \u00fanico cerca del camping La Jaougotteslug: festival-arte-flamenco\" \/>\n<meta name=\"robots\" content=\"index, follow, max-snippet:-1, max-image-preview:large, max-video-preview:-1\" \/>\n<link rel=\"canonical\" href=\"https:\/\/www.campinglajaougotte.com\/es\/noticias-camping-las-landas\/festival-arte-flamenco-la-pasion-andaluza-en-el-corazon-de-las-landas\/\" \/>\n<meta property=\"og:locale\" content=\"es_ES\" \/>\n<meta property=\"og:type\" content=\"article\" \/>\n<meta property=\"og:title\" content=\"Festival Arte Flamenco: Danza y cultura andaluza en Mont-de-Marsan\" \/>\n<meta property=\"og:description\" content=\"Vibra al ritmo del Festival Arte Flamenco de Mont-de-Marsan: danza, m\u00fasica y cante en julio. Un acontecimiento \u00fanico cerca del camping La Jaougotteslug: festival-arte-flamenco\" \/>\n<meta property=\"og:url\" content=\"https:\/\/www.campinglajaougotte.com\/es\/noticias-camping-las-landas\/festival-arte-flamenco-la-pasion-andaluza-en-el-corazon-de-las-landas\/\" \/>\n<meta property=\"og:site_name\" content=\"Camping La Jaougotte\" \/>\n<meta property=\"article:published_time\" content=\"2024-11-04T15:51:09+00:00\" \/>\n<meta property=\"article:modified_time\" content=\"2025-10-15T08:20:50+00:00\" \/>\n<meta property=\"og:image\" content=\"https:\/\/www.campinglajaougotte.com\/wp-content\/uploads\/2023\/12\/festival-arte-flamenco.png\" \/>\n\t<meta property=\"og:image:width\" content=\"344\" \/>\n\t<meta property=\"og:image:height\" content=\"484\" \/>\n\t<meta property=\"og:image:type\" content=\"image\/png\" \/>\n<meta name=\"author\" content=\"admin\" \/>\n<meta name=\"twitter:card\" content=\"summary_large_image\" \/>\n<meta name=\"twitter:label1\" content=\"Escrito por\" \/>\n\t<meta name=\"twitter:data1\" content=\"admin\" \/>\n\t<meta name=\"twitter:label2\" content=\"Tiempo de lectura\" \/>\n\t<meta name=\"twitter:data2\" content=\"4 minutos\" \/>\n<script type=\"application\/ld+json\" class=\"yoast-schema-graph\">{\"@context\":\"https:\\\/\\\/schema.org\",\"@graph\":[{\"@type\":\"Article\",\"@id\":\"https:\\\/\\\/www.campinglajaougotte.com\\\/es\\\/noticias-camping-las-landas\\\/festival-arte-flamenco-la-pasion-andaluza-en-el-corazon-de-las-landas\\\/#article\",\"isPartOf\":{\"@id\":\"https:\\\/\\\/www.campinglajaougotte.com\\\/es\\\/noticias-camping-las-landas\\\/festival-arte-flamenco-la-pasion-andaluza-en-el-corazon-de-las-landas\\\/\"},\"author\":{\"name\":\"admin\",\"@id\":\"https:\\\/\\\/www.campinglajaougotte.com\\\/es\\\/#\\\/schema\\\/person\\\/b4ab0d844dd85b86cb0e8391f5c39838\"},\"headline\":\"Festival Arte Flamenco: la pasi\u00f3n andaluza en el coraz\u00f3n de Las Landas\",\"datePublished\":\"2024-11-04T15:51:09+00:00\",\"dateModified\":\"2025-10-15T08:20:50+00:00\",\"mainEntityOfPage\":{\"@id\":\"https:\\\/\\\/www.campinglajaougotte.com\\\/es\\\/noticias-camping-las-landas\\\/festival-arte-flamenco-la-pasion-andaluza-en-el-corazon-de-las-landas\\\/\"},\"wordCount\":760,\"image\":{\"@id\":\"https:\\\/\\\/www.campinglajaougotte.com\\\/es\\\/noticias-camping-las-landas\\\/festival-arte-flamenco-la-pasion-andaluza-en-el-corazon-de-las-landas\\\/#primaryimage\"},\"thumbnailUrl\":\"https:\\\/\\\/www.campinglajaougotte.com\\\/wp-content\\\/uploads\\\/2023\\\/12\\\/festival-arte-flamenco.png\",\"articleSection\":[\"Noticias camping Las Landas\"],\"inLanguage\":\"es\"},{\"@type\":\"WebPage\",\"@id\":\"https:\\\/\\\/www.campinglajaougotte.com\\\/es\\\/noticias-camping-las-landas\\\/festival-arte-flamenco-la-pasion-andaluza-en-el-corazon-de-las-landas\\\/\",\"url\":\"https:\\\/\\\/www.campinglajaougotte.com\\\/es\\\/noticias-camping-las-landas\\\/festival-arte-flamenco-la-pasion-andaluza-en-el-corazon-de-las-landas\\\/\",\"name\":\"Festival Arte Flamenco: Danza y cultura andaluza en Mont-de-Marsan\",\"isPartOf\":{\"@id\":\"https:\\\/\\\/www.campinglajaougotte.com\\\/es\\\/#website\"},\"primaryImageOfPage\":{\"@id\":\"https:\\\/\\\/www.campinglajaougotte.com\\\/es\\\/noticias-camping-las-landas\\\/festival-arte-flamenco-la-pasion-andaluza-en-el-corazon-de-las-landas\\\/#primaryimage\"},\"image\":{\"@id\":\"https:\\\/\\\/www.campinglajaougotte.com\\\/es\\\/noticias-camping-las-landas\\\/festival-arte-flamenco-la-pasion-andaluza-en-el-corazon-de-las-landas\\\/#primaryimage\"},\"thumbnailUrl\":\"https:\\\/\\\/www.campinglajaougotte.com\\\/wp-content\\\/uploads\\\/2023\\\/12\\\/festival-arte-flamenco.png\",\"datePublished\":\"2024-11-04T15:51:09+00:00\",\"dateModified\":\"2025-10-15T08:20:50+00:00\",\"author\":{\"@id\":\"https:\\\/\\\/www.campinglajaougotte.com\\\/es\\\/#\\\/schema\\\/person\\\/b4ab0d844dd85b86cb0e8391f5c39838\"},\"description\":\"Vibra al ritmo del Festival Arte Flamenco de Mont-de-Marsan: danza, m\u00fasica y cante en julio. Un acontecimiento \u00fanico cerca del camping La Jaougotteslug: festival-arte-flamenco\",\"breadcrumb\":{\"@id\":\"https:\\\/\\\/www.campinglajaougotte.com\\\/es\\\/noticias-camping-las-landas\\\/festival-arte-flamenco-la-pasion-andaluza-en-el-corazon-de-las-landas\\\/#breadcrumb\"},\"inLanguage\":\"es\",\"potentialAction\":[{\"@type\":\"ReadAction\",\"target\":[\"https:\\\/\\\/www.campinglajaougotte.com\\\/es\\\/noticias-camping-las-landas\\\/festival-arte-flamenco-la-pasion-andaluza-en-el-corazon-de-las-landas\\\/\"]}]},{\"@type\":\"ImageObject\",\"inLanguage\":\"es\",\"@id\":\"https:\\\/\\\/www.campinglajaougotte.com\\\/es\\\/noticias-camping-las-landas\\\/festival-arte-flamenco-la-pasion-andaluza-en-el-corazon-de-las-landas\\\/#primaryimage\",\"url\":\"https:\\\/\\\/www.campinglajaougotte.com\\\/wp-content\\\/uploads\\\/2023\\\/12\\\/festival-arte-flamenco.png\",\"contentUrl\":\"https:\\\/\\\/www.campinglajaougotte.com\\\/wp-content\\\/uploads\\\/2023\\\/12\\\/festival-arte-flamenco.png\",\"width\":344,\"height\":484,\"caption\":\"Festival Arte Flamenco\"},{\"@type\":\"BreadcrumbList\",\"@id\":\"https:\\\/\\\/www.campinglajaougotte.com\\\/es\\\/noticias-camping-las-landas\\\/festival-arte-flamenco-la-pasion-andaluza-en-el-corazon-de-las-landas\\\/#breadcrumb\",\"itemListElement\":[{\"@type\":\"ListItem\",\"position\":1,\"name\":\"Accueil\",\"item\":\"https:\\\/\\\/www.campinglajaougotte.com\\\/es\\\/\"},{\"@type\":\"ListItem\",\"position\":2,\"name\":\"Festival Arte Flamenco\"}]},{\"@type\":\"WebSite\",\"@id\":\"https:\\\/\\\/www.campinglajaougotte.com\\\/es\\\/#website\",\"url\":\"https:\\\/\\\/www.campinglajaougotte.com\\\/es\\\/\",\"name\":\"Camping La Jaougotte\",\"description\":\"\",\"potentialAction\":[{\"@type\":\"SearchAction\",\"target\":{\"@type\":\"EntryPoint\",\"urlTemplate\":\"https:\\\/\\\/www.campinglajaougotte.com\\\/es\\\/?s={search_term_string}\"},\"query-input\":{\"@type\":\"PropertyValueSpecification\",\"valueRequired\":true,\"valueName\":\"search_term_string\"}}],\"inLanguage\":\"es\"},{\"@type\":\"Person\",\"@id\":\"https:\\\/\\\/www.campinglajaougotte.com\\\/es\\\/#\\\/schema\\\/person\\\/b4ab0d844dd85b86cb0e8391f5c39838\",\"name\":\"admin\",\"image\":{\"@type\":\"ImageObject\",\"inLanguage\":\"es\",\"@id\":\"https:\\\/\\\/secure.gravatar.com\\\/avatar\\\/9ee26ac44e64020821f0d77db3dc2c7eaad2dcbfc1934ed2bb823f3d38dd21e3?s=96&d=mm&r=g\",\"url\":\"https:\\\/\\\/secure.gravatar.com\\\/avatar\\\/9ee26ac44e64020821f0d77db3dc2c7eaad2dcbfc1934ed2bb823f3d38dd21e3?s=96&d=mm&r=g\",\"contentUrl\":\"https:\\\/\\\/secure.gravatar.com\\\/avatar\\\/9ee26ac44e64020821f0d77db3dc2c7eaad2dcbfc1934ed2bb823f3d38dd21e3?s=96&d=mm&r=g\",\"caption\":\"admin\"},\"sameAs\":[\"https:\\\/\\\/www.campinglajaougotte.com\"],\"url\":\"https:\\\/\\\/www.campinglajaougotte.com\\\/es\\\/author\\\/beecom_qki35grwc7xx2i9d\\\/\"}]}<\/script>\n<!-- \/ Yoast SEO plugin. -->","yoast_head_json":{"title":"Festival Arte Flamenco: Danza y cultura andaluza en Mont-de-Marsan","description":"Vibra al ritmo del Festival Arte Flamenco de Mont-de-Marsan: danza, m\u00fasica y cante en julio. Un acontecimiento \u00fanico cerca del camping La Jaougotteslug: festival-arte-flamenco","robots":{"index":"index","follow":"follow","max-snippet":"max-snippet:-1","max-image-preview":"max-image-preview:large","max-video-preview":"max-video-preview:-1"},"canonical":"https:\/\/www.campinglajaougotte.com\/es\/noticias-camping-las-landas\/festival-arte-flamenco-la-pasion-andaluza-en-el-corazon-de-las-landas\/","og_locale":"es_ES","og_type":"article","og_title":"Festival Arte Flamenco: Danza y cultura andaluza en Mont-de-Marsan","og_description":"Vibra al ritmo del Festival Arte Flamenco de Mont-de-Marsan: danza, m\u00fasica y cante en julio. Un acontecimiento \u00fanico cerca del camping La Jaougotteslug: festival-arte-flamenco","og_url":"https:\/\/www.campinglajaougotte.com\/es\/noticias-camping-las-landas\/festival-arte-flamenco-la-pasion-andaluza-en-el-corazon-de-las-landas\/","og_site_name":"Camping La Jaougotte","article_published_time":"2024-11-04T15:51:09+00:00","article_modified_time":"2025-10-15T08:20:50+00:00","og_image":[{"width":344,"height":484,"url":"https:\/\/www.campinglajaougotte.com\/wp-content\/uploads\/2023\/12\/festival-arte-flamenco.png","type":"image\/png"}],"author":"admin","twitter_card":"summary_large_image","twitter_misc":{"Escrito por":"admin","Tiempo de lectura":"4 minutos"},"schema":{"@context":"https:\/\/schema.org","@graph":[{"@type":"Article","@id":"https:\/\/www.campinglajaougotte.com\/es\/noticias-camping-las-landas\/festival-arte-flamenco-la-pasion-andaluza-en-el-corazon-de-las-landas\/#article","isPartOf":{"@id":"https:\/\/www.campinglajaougotte.com\/es\/noticias-camping-las-landas\/festival-arte-flamenco-la-pasion-andaluza-en-el-corazon-de-las-landas\/"},"author":{"name":"admin","@id":"https:\/\/www.campinglajaougotte.com\/es\/#\/schema\/person\/b4ab0d844dd85b86cb0e8391f5c39838"},"headline":"Festival Arte Flamenco: la pasi\u00f3n andaluza en el coraz\u00f3n de Las Landas","datePublished":"2024-11-04T15:51:09+00:00","dateModified":"2025-10-15T08:20:50+00:00","mainEntityOfPage":{"@id":"https:\/\/www.campinglajaougotte.com\/es\/noticias-camping-las-landas\/festival-arte-flamenco-la-pasion-andaluza-en-el-corazon-de-las-landas\/"},"wordCount":760,"image":{"@id":"https:\/\/www.campinglajaougotte.com\/es\/noticias-camping-las-landas\/festival-arte-flamenco-la-pasion-andaluza-en-el-corazon-de-las-landas\/#primaryimage"},"thumbnailUrl":"https:\/\/www.campinglajaougotte.com\/wp-content\/uploads\/2023\/12\/festival-arte-flamenco.png","articleSection":["Noticias camping Las Landas"],"inLanguage":"es"},{"@type":"WebPage","@id":"https:\/\/www.campinglajaougotte.com\/es\/noticias-camping-las-landas\/festival-arte-flamenco-la-pasion-andaluza-en-el-corazon-de-las-landas\/","url":"https:\/\/www.campinglajaougotte.com\/es\/noticias-camping-las-landas\/festival-arte-flamenco-la-pasion-andaluza-en-el-corazon-de-las-landas\/","name":"Festival Arte Flamenco: Danza y cultura andaluza en Mont-de-Marsan","isPartOf":{"@id":"https:\/\/www.campinglajaougotte.com\/es\/#website"},"primaryImageOfPage":{"@id":"https:\/\/www.campinglajaougotte.com\/es\/noticias-camping-las-landas\/festival-arte-flamenco-la-pasion-andaluza-en-el-corazon-de-las-landas\/#primaryimage"},"image":{"@id":"https:\/\/www.campinglajaougotte.com\/es\/noticias-camping-las-landas\/festival-arte-flamenco-la-pasion-andaluza-en-el-corazon-de-las-landas\/#primaryimage"},"thumbnailUrl":"https:\/\/www.campinglajaougotte.com\/wp-content\/uploads\/2023\/12\/festival-arte-flamenco.png","datePublished":"2024-11-04T15:51:09+00:00","dateModified":"2025-10-15T08:20:50+00:00","author":{"@id":"https:\/\/www.campinglajaougotte.com\/es\/#\/schema\/person\/b4ab0d844dd85b86cb0e8391f5c39838"},"description":"Vibra al ritmo del Festival Arte Flamenco de Mont-de-Marsan: danza, m\u00fasica y cante en julio. Un acontecimiento \u00fanico cerca del camping La Jaougotteslug: festival-arte-flamenco","breadcrumb":{"@id":"https:\/\/www.campinglajaougotte.com\/es\/noticias-camping-las-landas\/festival-arte-flamenco-la-pasion-andaluza-en-el-corazon-de-las-landas\/#breadcrumb"},"inLanguage":"es","potentialAction":[{"@type":"ReadAction","target":["https:\/\/www.campinglajaougotte.com\/es\/noticias-camping-las-landas\/festival-arte-flamenco-la-pasion-andaluza-en-el-corazon-de-las-landas\/"]}]},{"@type":"ImageObject","inLanguage":"es","@id":"https:\/\/www.campinglajaougotte.com\/es\/noticias-camping-las-landas\/festival-arte-flamenco-la-pasion-andaluza-en-el-corazon-de-las-landas\/#primaryimage","url":"https:\/\/www.campinglajaougotte.com\/wp-content\/uploads\/2023\/12\/festival-arte-flamenco.png","contentUrl":"https:\/\/www.campinglajaougotte.com\/wp-content\/uploads\/2023\/12\/festival-arte-flamenco.png","width":344,"height":484,"caption":"Festival Arte Flamenco"},{"@type":"BreadcrumbList","@id":"https:\/\/www.campinglajaougotte.com\/es\/noticias-camping-las-landas\/festival-arte-flamenco-la-pasion-andaluza-en-el-corazon-de-las-landas\/#breadcrumb","itemListElement":[{"@type":"ListItem","position":1,"name":"Accueil","item":"https:\/\/www.campinglajaougotte.com\/es\/"},{"@type":"ListItem","position":2,"name":"Festival Arte Flamenco"}]},{"@type":"WebSite","@id":"https:\/\/www.campinglajaougotte.com\/es\/#website","url":"https:\/\/www.campinglajaougotte.com\/es\/","name":"Camping La Jaougotte","description":"","potentialAction":[{"@type":"SearchAction","target":{"@type":"EntryPoint","urlTemplate":"https:\/\/www.campinglajaougotte.com\/es\/?s={search_term_string}"},"query-input":{"@type":"PropertyValueSpecification","valueRequired":true,"valueName":"search_term_string"}}],"inLanguage":"es"},{"@type":"Person","@id":"https:\/\/www.campinglajaougotte.com\/es\/#\/schema\/person\/b4ab0d844dd85b86cb0e8391f5c39838","name":"admin","image":{"@type":"ImageObject","inLanguage":"es","@id":"https:\/\/secure.gravatar.com\/avatar\/9ee26ac44e64020821f0d77db3dc2c7eaad2dcbfc1934ed2bb823f3d38dd21e3?s=96&d=mm&r=g","url":"https:\/\/secure.gravatar.com\/avatar\/9ee26ac44e64020821f0d77db3dc2c7eaad2dcbfc1934ed2bb823f3d38dd21e3?s=96&d=mm&r=g","contentUrl":"https:\/\/secure.gravatar.com\/avatar\/9ee26ac44e64020821f0d77db3dc2c7eaad2dcbfc1934ed2bb823f3d38dd21e3?s=96&d=mm&r=g","caption":"admin"},"sameAs":["https:\/\/www.campinglajaougotte.com"],"url":"https:\/\/www.campinglajaougotte.com\/es\/author\/beecom_qki35grwc7xx2i9d\/"}]}},"_links":{"self":[{"href":"https:\/\/www.campinglajaougotte.com\/es\/wp-json\/wp\/v2\/posts\/74597","targetHints":{"allow":["GET"]}}],"collection":[{"href":"https:\/\/www.campinglajaougotte.com\/es\/wp-json\/wp\/v2\/posts"}],"about":[{"href":"https:\/\/www.campinglajaougotte.com\/es\/wp-json\/wp\/v2\/types\/post"}],"author":[{"embeddable":true,"href":"https:\/\/www.campinglajaougotte.com\/es\/wp-json\/wp\/v2\/users\/1"}],"replies":[{"embeddable":true,"href":"https:\/\/www.campinglajaougotte.com\/es\/wp-json\/wp\/v2\/comments?post=74597"}],"version-history":[{"count":1,"href":"https:\/\/www.campinglajaougotte.com\/es\/wp-json\/wp\/v2\/posts\/74597\/revisions"}],"predecessor-version":[{"id":75178,"href":"https:\/\/www.campinglajaougotte.com\/es\/wp-json\/wp\/v2\/posts\/74597\/revisions\/75178"}],"wp:featuredmedia":[{"embeddable":true,"href":"https:\/\/www.campinglajaougotte.com\/es\/wp-json\/wp\/v2\/media\/74599"}],"wp:attachment":[{"href":"https:\/\/www.campinglajaougotte.com\/es\/wp-json\/wp\/v2\/media?parent=74597"}],"wp:term":[{"taxonomy":"category","embeddable":true,"href":"https:\/\/www.campinglajaougotte.com\/es\/wp-json\/wp\/v2\/categories?post=74597"},{"taxonomy":"post_tag","embeddable":true,"href":"https:\/\/www.campinglajaougotte.com\/es\/wp-json\/wp\/v2\/tags?post=74597"}],"curies":[{"name":"wp","href":"https:\/\/api.w.org\/{rel}","templated":true}]}}